{"id":2569,"date":"2025-05-09T07:39:00","date_gmt":"2025-05-09T05:39:00","guid":{"rendered":"https:\/\/le-rite.fr\/?p=2569"},"modified":"2025-07-10T23:00:43","modified_gmt":"2025-07-10T21:00:43","slug":"elementor-2569","status":"publish","type":"post","link":"https:\/\/le-rite.fr\/index.php\/2025\/05\/09\/elementor-2569\/","title":{"rendered":"Journ\u00e9e d&rsquo;\u00e9tude \u00ab\u00a0L&rsquo;atelier au c\u0153ur de la cr\u00e9ation th\u00e9\u00e2trale\u00a0\u00bb"},"content":{"rendered":"\t\t<div data-elementor-type=\"wp-post\" data-elementor-id=\"2569\" class=\"elementor elementor-2569\" data-elementor-post-type=\"post\">\n\t\t\t\t<div class=\"elementor-element elementor-element-cdcda53 e-flex e-con-boxed e-con e-parent\" data-id=\"cdcda53\" data-element_type=\"container\" data-e-type=\"container\">\n\t\t\t\t\t<div class=\"e-con-inner\">\n\t\t\t\t<div class=\"elementor-element elementor-element-16fca47 elementor-widget elementor-widget-heading\" data-id=\"16fca47\" data-element_type=\"widget\" data-e-type=\"widget\" data-widget_type=\"heading.default\">\n\t\t\t\t<div class=\"elementor-widget-container\">\n\t\t\t\t\t<h2 class=\"elementor-heading-title elementor-size-default\">Journ\u00e9e d'\u00e9tude 2025 \"l'atelier au coeur de la cr\u00e9ation th\u00e9\u00e2trale\"<\/h2>\t\t\t\t<\/div>\n\t\t\t\t<\/div>\n\t\t\t\t\t<\/div>\n\t\t\t\t<\/div>\n\t\t<div class=\"elementor-element elementor-element-ac804f8 e-flex e-con-boxed e-con e-parent\" data-id=\"ac804f8\" data-element_type=\"container\" data-e-type=\"container\">\n\t\t\t\t\t<div class=\"e-con-inner\">\n\t\t\t\t<div class=\"elementor-element elementor-element-03d2034 elementor-widget elementor-widget-image\" data-id=\"03d2034\" data-element_type=\"widget\" data-e-type=\"widget\" data-widget_type=\"image.default\">\n\t\t\t\t<div class=\"elementor-widget-container\">\n\t\t\t\t\t\t\t\t\t\t\t\t\t\t\t<img fetchpriority=\"high\" decoding=\"async\" width=\"724\" height=\"1024\" src=\"https:\/\/le-rite.fr\/wp-content\/uploads\/2025\/05\/AfficheJourneeEtude2juin2025-724x1024.jpg\" class=\"attachment-large size-large wp-image-2565\" alt=\"\" srcset=\"https:\/\/le-rite.fr\/wp-content\/uploads\/2025\/05\/AfficheJourneeEtude2juin2025-724x1024.jpg 724w, https:\/\/le-rite.fr\/wp-content\/uploads\/2025\/05\/AfficheJourneeEtude2juin2025-212x300.jpg 212w, https:\/\/le-rite.fr\/wp-content\/uploads\/2025\/05\/AfficheJourneeEtude2juin2025-768x1086.jpg 768w, https:\/\/le-rite.fr\/wp-content\/uploads\/2025\/05\/AfficheJourneeEtude2juin2025.jpg 842w\" sizes=\"(max-width: 724px) 100vw, 724px\" \/>\t\t\t\t\t\t\t\t\t\t\t\t\t\t\t<\/div>\n\t\t\t\t<\/div>\n\t\t\t\t\t<\/div>\n\t\t\t\t<\/div>\n\t\t<div class=\"elementor-element elementor-element-9807de9 e-flex e-con-boxed e-con e-parent\" data-id=\"9807de9\" data-element_type=\"container\" data-e-type=\"container\">\n\t\t\t\t\t<div class=\"e-con-inner\">\n\t\t\t\t<div class=\"elementor-element elementor-element-ca420ab elementor-widget elementor-widget-text-editor\" data-id=\"ca420ab\" data-element_type=\"widget\" data-e-type=\"widget\" data-widget_type=\"text-editor.default\">\n\t\t\t\t<div class=\"elementor-widget-container\">\n\t\t\t\t\t\t\t\t\t<div><div dir=\"auto\">le 2 juin 2025, 10h-17h<\/div><div dir=\"auto\">\u00a0<\/div><\/div><div><div dir=\"auto\">\u00ab\u00a0L&rsquo;atelier au coeur de la cr\u00e9ation th\u00e9\u00e2trale\u00a0\u00bb<\/div><div dir=\"auto\">Lieu : Th\u00e9\u00e2tre p\u00e9dagogique<\/div><div dir=\"auto\">Universit\u00e9 Sorbonne Nouvelle, 8 avenue de Saint-Mand\u00e9<\/div><div dir=\"auto\">\u00a0<\/div><div dir=\"auto\">\u00e0 r\u00e9\u00e9couter\u00a0<\/div><div dir=\"auto\">\u00a0<\/div><div dir=\"auto\">Table ronde 1 :\u00a0<a style=\"background-color: #2b1616; color: #1155cc;\" href=\"https:\/\/youtu.be\/4WjsidP6jTY\" target=\"_blank\" rel=\"noopener\" data-saferedirecturl=\"https:\/\/www.google.com\/url?q=https:\/\/youtu.be\/4WjsidP6jTY&amp;source=gmail&amp;ust=1752266994425000&amp;usg=AOvVaw2Wlc-LOnPkD3IYn5VvQ8wX\">https:\/\/youtu.be\/4WjsidP6jTY<\/a><\/div><div dir=\"auto\">\u00a0<\/div><div>Table ronde 2 :\u00a0<a style=\"color: #1155cc;\" href=\"https:\/\/youtu.be\/41znrzXKMX8\" target=\"_blank\" rel=\"noopener\" data-saferedirecturl=\"https:\/\/www.google.com\/url?q=https:\/\/youtu.be\/41znrzXKMX8&amp;source=gmail&amp;ust=1752266994425000&amp;usg=AOvVaw0hUCNPAjhM-tZbMnGr_BAD\">https:\/\/youtu.be\/41znrzXKMX8<\/a><\/div><div>\u00a0<\/div><div>Table ronde 3 :\u00a0<a style=\"color: #1155cc;\" href=\"https:\/\/youtu.be\/T8L0fiqreQ8\" target=\"_blank\" rel=\"noopener\" data-saferedirecturl=\"https:\/\/www.google.com\/url?q=https:\/\/youtu.be\/T8L0fiqreQ8&amp;source=gmail&amp;ust=1752266994425000&amp;usg=AOvVaw3ayax-dePP8byahL6Pahdf\">https:\/\/youtu.be\/T8L0fiqreQ8<\/a><\/div><div>\u00a0<\/div><div>Table ronde 4 :\u00a0<a style=\"color: #1155cc;\" href=\"https:\/\/youtu.be\/2a4sxDewhFE\" target=\"_blank\" rel=\"noopener\" data-saferedirecturl=\"https:\/\/www.google.com\/url?q=https:\/\/youtu.be\/2a4sxDewhFE&amp;source=gmail&amp;ust=1752266994425000&amp;usg=AOvVaw1QLfDM9B1kMqIS1aRLkqYW\">https:\/\/youtu.be\/2a4sxDewhFE<\/a><\/div><div>\u00a0<\/div><\/div><div><div dir=\"auto\">\u00a0<\/div><\/div><div><div dir=\"auto\">Organis\u00e9e par Armelle Bossiere, Marco Consolini et les \u00e9tudiant.e.s de la L. Pro Encadrement en complicit\u00e9 avec David Farjon<\/div><div dir=\"auto\">\u00a0<\/div><\/div><div><div dir=\"auto\">avec H\u00e9l\u00e8ne Bernard, Catherine-Elish\u00e9va Decastel, Anousha Emrith, David Farjon, Ma\u00eblle Faucheur, C\u00e9cile Fraisse-Bareille, \u00c9lodie Goud\u00e9, Simon Granjeat, Martin Grandperret, Jana Klein, Pauline Letessier, S\u00e9bastien Nivault, Didier Ruiz, Elsa Saladin, St\u00e9phane Schoukroun&#8230;<\/div><\/div>\t\t\t\t\t\t\t\t<\/div>\n\t\t\t\t<\/div>\n\t\t\t\t\t<\/div>\n\t\t\t\t<\/div>\n\t\t<div class=\"elementor-element elementor-element-7076c47 e-flex e-con-boxed e-con e-parent\" data-id=\"7076c47\" data-element_type=\"container\" data-e-type=\"container\">\n\t\t\t\t\t<div class=\"e-con-inner\">\n\t\t<div class=\"elementor-element elementor-element-3aa8e88 e-con-full e-flex e-con e-child\" data-id=\"3aa8e88\" data-element_type=\"container\" data-e-type=\"container\">\n\t\t<div class=\"elementor-element elementor-element-180d1a5 e-con-full e-flex e-con e-child\" data-id=\"180d1a5\" data-element_type=\"container\" data-e-type=\"container\">\n\t\t\t\t<div class=\"elementor-element elementor-element-da42685 elementor-widget elementor-widget-image\" data-id=\"da42685\" data-element_type=\"widget\" data-e-type=\"widget\" data-widget_type=\"image.default\">\n\t\t\t\t<div class=\"elementor-widget-container\">\n\t\t\t\t\t\t\t\t\t\t\t\t\t\t\t<img decoding=\"async\" width=\"800\" height=\"600\" src=\"https:\/\/le-rite.fr\/wp-content\/uploads\/2025\/05\/IMG_20250602_102707-1024x768.jpg\" class=\"attachment-large size-large wp-image-2588\" alt=\"\" srcset=\"https:\/\/le-rite.fr\/wp-content\/uploads\/2025\/05\/IMG_20250602_102707-1024x768.jpg 1024w, https:\/\/le-rite.fr\/wp-content\/uploads\/2025\/05\/IMG_20250602_102707-300x225.jpg 300w, https:\/\/le-rite.fr\/wp-content\/uploads\/2025\/05\/IMG_20250602_102707-768x576.jpg 768w, https:\/\/le-rite.fr\/wp-content\/uploads\/2025\/05\/IMG_20250602_102707-1536x1152.jpg 1536w, https:\/\/le-rite.fr\/wp-content\/uploads\/2025\/05\/IMG_20250602_102707-2048x1536.jpg 2048w\" sizes=\"(max-width: 800px) 100vw, 800px\" \/>\t\t\t\t\t\t\t\t\t\t\t\t\t\t\t<\/div>\n\t\t\t\t<\/div>\n\t\t\t\t<\/div>\n\t\t<div class=\"elementor-element elementor-element-639ada8 e-con-full e-flex e-con e-child\" data-id=\"639ada8\" data-element_type=\"container\" data-e-type=\"container\">\n\t\t\t\t<div class=\"elementor-element elementor-element-1b3682b elementor-widget elementor-widget-image\" data-id=\"1b3682b\" data-element_type=\"widget\" data-e-type=\"widget\" data-widget_type=\"image.default\">\n\t\t\t\t<div class=\"elementor-widget-container\">\n\t\t\t\t\t\t\t\t\t\t\t\t\t\t\t<img decoding=\"async\" width=\"720\" height=\"540\" src=\"https:\/\/le-rite.fr\/wp-content\/uploads\/2025\/05\/505859092_10222606589272404_2657388259336236079_n.jpg\" class=\"attachment-large size-large wp-image-2586\" alt=\"\" srcset=\"https:\/\/le-rite.fr\/wp-content\/uploads\/2025\/05\/505859092_10222606589272404_2657388259336236079_n.jpg 720w, https:\/\/le-rite.fr\/wp-content\/uploads\/2025\/05\/505859092_10222606589272404_2657388259336236079_n-300x225.jpg 300w\" sizes=\"(max-width: 720px) 100vw, 720px\" \/>\t\t\t\t\t\t\t\t\t\t\t\t\t\t\t<\/div>\n\t\t\t\t<\/div>\n\t\t\t\t<\/div>\n\t\t\t\t<\/div>\n\t\t<div class=\"elementor-element elementor-element-0bedcb9 e-con-full e-flex e-con e-child\" data-id=\"0bedcb9\" data-element_type=\"container\" data-e-type=\"container\">\n\t\t\t\t<div class=\"elementor-element elementor-element-65d432a elementor-widget elementor-widget-image\" data-id=\"65d432a\" data-element_type=\"widget\" data-e-type=\"widget\" data-widget_type=\"image.default\">\n\t\t\t\t<div class=\"elementor-widget-container\">\n\t\t\t\t\t\t\t\t\t\t\t\t\t\t\t<img loading=\"lazy\" decoding=\"async\" width=\"800\" height=\"876\" src=\"https:\/\/le-rite.fr\/wp-content\/uploads\/2025\/05\/1751605076574-935x1024.jpg\" class=\"attachment-large size-large wp-image-2585\" alt=\"\" srcset=\"https:\/\/le-rite.fr\/wp-content\/uploads\/2025\/05\/1751605076574-935x1024.jpg 935w, https:\/\/le-rite.fr\/wp-content\/uploads\/2025\/05\/1751605076574-274x300.jpg 274w, https:\/\/le-rite.fr\/wp-content\/uploads\/2025\/05\/1751605076574-768x841.jpg 768w, https:\/\/le-rite.fr\/wp-content\/uploads\/2025\/05\/1751605076574-1403x1536.jpg 1403w, https:\/\/le-rite.fr\/wp-content\/uploads\/2025\/05\/1751605076574-1871x2048.jpg 1871w\" sizes=\"(max-width: 800px) 100vw, 800px\" \/>\t\t\t\t\t\t\t\t\t\t\t\t\t\t\t<\/div>\n\t\t\t\t<\/div>\n\t\t\t\t<\/div>\n\t\t\t\t\t<\/div>\n\t\t\t\t<\/div>\n\t\t\t\t<\/div>\n\t\t","protected":false},"excerpt":{"rendered":"<p>Journ\u00e9e d&rsquo;\u00e9tude 2025 \u00ab\u00a0l&rsquo;atelier au coeur de la cr\u00e9ation th\u00e9\u00e2trale\u00a0\u00bb le 2 juin 2025, 10h-17h\u00a0\u00ab\u00a0L&rsquo;atelier au coeur de la cr\u00e9ation th\u00e9\u00e2trale\u00a0\u00bbLieu : Th\u00e9\u00e2tre p\u00e9dagogiqueUniversit\u00e9 Sorbonne Nouvelle, 8 avenue de Saint-Mand\u00e9\u00a0\u00e0 r\u00e9\u00e9couter\u00a0\u00a0Table ronde 1 :\u00a0https:\/\/youtu.be\/4WjsidP6jTY\u00a0Table ronde 2 :\u00a0https:\/\/youtu.be\/41znrzXKMX8\u00a0Table ronde 3 :\u00a0https:\/\/youtu.be\/T8L0fiqreQ8\u00a0Table ronde 4 :\u00a0https:\/\/youtu.be\/2a4sxDewhFE\u00a0\u00a0Organis\u00e9e par Armelle Bossiere, Marco Consolini et les \u00e9tudiant.e.s de la L. Pro [&hellip;]<\/p>\n","protected":false},"author":5,"featured_media":0,"comment_status":"open","ping_status":"open","sticky":false,"template":"","format":"standard","meta":{"footnotes":""},"categories":[3,39,28,29],"tags":[],"class_list":["post-2569","post","type-post","status-publish","format-standard","hentry","category-actualites","category-archive","category-licence-pro","category-ressources"],"yoast_head":"<!-- This site is optimized with the Yoast SEO plugin v26.9 - https:\/\/yoast.com\/product\/yoast-seo-wordpress\/ -->\n<title>Journ\u00e9e d&#039;\u00e9tude &quot;L&#039;atelier au c\u0153ur de la cr\u00e9ation th\u00e9\u00e2trale&quot; - Le R.I.T.E<\/title>\n<meta name=\"robots\" content=\"index, follow, max-snippet:-1, max-image-preview:large, max-video-preview:-1\" \/>\n<link rel=\"canonical\" href=\"https:\/\/le-rite.fr\/index.php\/2025\/05\/09\/elementor-2569\/\" \/>\n<meta property=\"og:locale\" content=\"fr_FR\" \/>\n<meta property=\"og:type\" content=\"article\" \/>\n<meta property=\"og:title\" content=\"Journ\u00e9e d&#039;\u00e9tude &quot;L&#039;atelier au c\u0153ur de la cr\u00e9ation th\u00e9\u00e2trale&quot; - Le R.I.T.E\" \/>\n<meta property=\"og:description\" content=\"Journ\u00e9e d&rsquo;\u00e9tude 2025 \u00ab\u00a0l&rsquo;atelier au coeur de la cr\u00e9ation th\u00e9\u00e2trale\u00a0\u00bb le 2 juin 2025, 10h-17h\u00a0\u00ab\u00a0L&rsquo;atelier au coeur de la cr\u00e9ation th\u00e9\u00e2trale\u00a0\u00bbLieu : Th\u00e9\u00e2tre p\u00e9dagogiqueUniversit\u00e9 Sorbonne Nouvelle, 8 avenue de Saint-Mand\u00e9\u00a0\u00e0 r\u00e9\u00e9couter\u00a0\u00a0Table ronde 1 :\u00a0https:\/\/youtu.be\/4WjsidP6jTY\u00a0Table ronde 2 :\u00a0https:\/\/youtu.be\/41znrzXKMX8\u00a0Table ronde 3 :\u00a0https:\/\/youtu.be\/T8L0fiqreQ8\u00a0Table ronde 4 :\u00a0https:\/\/youtu.be\/2a4sxDewhFE\u00a0\u00a0Organis\u00e9e par Armelle Bossiere, Marco Consolini et les \u00e9tudiant.e.s de la L. Pro [&hellip;]\" \/>\n<meta property=\"og:url\" content=\"https:\/\/le-rite.fr\/index.php\/2025\/05\/09\/elementor-2569\/\" \/>\n<meta property=\"og:site_name\" content=\"Le R.I.T.E\" \/>\n<meta property=\"article:published_time\" content=\"2025-05-09T05:39:00+00:00\" \/>\n<meta property=\"article:modified_time\" content=\"2025-07-10T21:00:43+00:00\" \/>\n<meta property=\"og:image\" content=\"https:\/\/le-rite.fr\/wp-content\/uploads\/2025\/05\/AfficheJourneeEtude2juin2025.jpg\" \/>\n\t<meta property=\"og:image:width\" content=\"842\" \/>\n\t<meta property=\"og:image:height\" content=\"1191\" \/>\n\t<meta property=\"og:image:type\" content=\"image\/jpeg\" \/>\n<meta name=\"author\" content=\"Armelle Bossi\u00e8re\" \/>\n<meta name=\"twitter:card\" content=\"summary_large_image\" \/>\n<meta name=\"twitter:label1\" content=\"\u00c9crit par\" \/>\n\t<meta name=\"twitter:data1\" content=\"Armelle Bossi\u00e8re\" \/>\n\t<meta name=\"twitter:label2\" content=\"Dur\u00e9e de lecture estim\u00e9e\" \/>\n\t<meta name=\"twitter:data2\" content=\"1 minute\" \/>\n<script type=\"application\/ld+json\" class=\"yoast-schema-graph\">{\"@context\":\"https:\/\/schema.org\",\"@graph\":[{\"@type\":\"Article\",\"@id\":\"https:\/\/le-rite.fr\/index.php\/2025\/05\/09\/elementor-2569\/#article\",\"isPartOf\":{\"@id\":\"https:\/\/le-rite.fr\/index.php\/2025\/05\/09\/elementor-2569\/\"},\"author\":{\"name\":\"Armelle Bossi\u00e8re\",\"@id\":\"https:\/\/le-rite.fr\/#\/schema\/person\/c12b5ab957a665059d7822009ea0eb83\"},\"headline\":\"Journ\u00e9e d&rsquo;\u00e9tude \u00ab\u00a0L&rsquo;atelier au c\u0153ur de la cr\u00e9ation th\u00e9\u00e2trale\u00a0\u00bb\",\"datePublished\":\"2025-05-09T05:39:00+00:00\",\"dateModified\":\"2025-07-10T21:00:43+00:00\",\"mainEntityOfPage\":{\"@id\":\"https:\/\/le-rite.fr\/index.php\/2025\/05\/09\/elementor-2569\/\"},\"wordCount\":140,\"commentCount\":0,\"publisher\":{\"@id\":\"https:\/\/le-rite.fr\/#organization\"},\"image\":{\"@id\":\"https:\/\/le-rite.fr\/index.php\/2025\/05\/09\/elementor-2569\/#primaryimage\"},\"thumbnailUrl\":\"http:\/\/le-rite.fr\/wp-content\/uploads\/2025\/05\/AfficheJourneeEtude2juin2025-724x1024.jpg\",\"articleSection\":[\"actualit\u00e9s\",\"Archive\",\"licence pro\",\"ressources\"],\"inLanguage\":\"fr-FR\",\"potentialAction\":[{\"@type\":\"CommentAction\",\"name\":\"Comment\",\"target\":[\"https:\/\/le-rite.fr\/index.php\/2025\/05\/09\/elementor-2569\/#respond\"]}]},{\"@type\":\"WebPage\",\"@id\":\"https:\/\/le-rite.fr\/index.php\/2025\/05\/09\/elementor-2569\/\",\"url\":\"https:\/\/le-rite.fr\/index.php\/2025\/05\/09\/elementor-2569\/\",\"name\":\"Journ\u00e9e d'\u00e9tude \\\"L'atelier au c\u0153ur de la cr\u00e9ation th\u00e9\u00e2trale\\\" - Le R.I.T.E\",\"isPartOf\":{\"@id\":\"https:\/\/le-rite.fr\/#website\"},\"primaryImageOfPage\":{\"@id\":\"https:\/\/le-rite.fr\/index.php\/2025\/05\/09\/elementor-2569\/#primaryimage\"},\"image\":{\"@id\":\"https:\/\/le-rite.fr\/index.php\/2025\/05\/09\/elementor-2569\/#primaryimage\"},\"thumbnailUrl\":\"http:\/\/le-rite.fr\/wp-content\/uploads\/2025\/05\/AfficheJourneeEtude2juin2025-724x1024.jpg\",\"datePublished\":\"2025-05-09T05:39:00+00:00\",\"dateModified\":\"2025-07-10T21:00:43+00:00\",\"breadcrumb\":{\"@id\":\"https:\/\/le-rite.fr\/index.php\/2025\/05\/09\/elementor-2569\/#breadcrumb\"},\"inLanguage\":\"fr-FR\",\"potentialAction\":[{\"@type\":\"ReadAction\",\"target\":[\"https:\/\/le-rite.fr\/index.php\/2025\/05\/09\/elementor-2569\/\"]}]},{\"@type\":\"ImageObject\",\"inLanguage\":\"fr-FR\",\"@id\":\"https:\/\/le-rite.fr\/index.php\/2025\/05\/09\/elementor-2569\/#primaryimage\",\"url\":\"http:\/\/le-rite.fr\/wp-content\/uploads\/2025\/05\/AfficheJourneeEtude2juin2025-724x1024.jpg\",\"contentUrl\":\"http:\/\/le-rite.fr\/wp-content\/uploads\/2025\/05\/AfficheJourneeEtude2juin2025-724x1024.jpg\"},{\"@type\":\"BreadcrumbList\",\"@id\":\"https:\/\/le-rite.fr\/index.php\/2025\/05\/09\/elementor-2569\/#breadcrumb\",\"itemListElement\":[{\"@type\":\"ListItem\",\"position\":1,\"name\":\"Accueil\",\"item\":\"https:\/\/le-rite.fr\/\"},{\"@type\":\"ListItem\",\"position\":2,\"name\":\"Journ\u00e9e d&rsquo;\u00e9tude \u00ab\u00a0L&rsquo;atelier au c\u0153ur de la cr\u00e9ation th\u00e9\u00e2trale\u00a0\u00bb\"}]},{\"@type\":\"WebSite\",\"@id\":\"https:\/\/le-rite.fr\/#website\",\"url\":\"https:\/\/le-rite.fr\/\",\"name\":\"Le R.I.T.E\",\"description\":\"Le r\u00e9seau des intervenants en th\u00e9\u00e2tre \u00e9ducation\",\"publisher\":{\"@id\":\"https:\/\/le-rite.fr\/#organization\"},\"potentialAction\":[{\"@type\":\"SearchAction\",\"target\":{\"@type\":\"EntryPoint\",\"urlTemplate\":\"https:\/\/le-rite.fr\/?s={search_term_string}\"},\"query-input\":{\"@type\":\"PropertyValueSpecification\",\"valueRequired\":true,\"valueName\":\"search_term_string\"}}],\"inLanguage\":\"fr-FR\"},{\"@type\":\"Organization\",\"@id\":\"https:\/\/le-rite.fr\/#organization\",\"name\":\"Le R.I.T.E\",\"url\":\"https:\/\/le-rite.fr\/\",\"logo\":{\"@type\":\"ImageObject\",\"inLanguage\":\"fr-FR\",\"@id\":\"https:\/\/le-rite.fr\/#\/schema\/logo\/image\/\",\"url\":\"https:\/\/le-rite.fr\/wp-content\/uploads\/2023\/10\/logo-le-rite-v2.png\",\"contentUrl\":\"https:\/\/le-rite.fr\/wp-content\/uploads\/2023\/10\/logo-le-rite-v2.png\",\"width\":366,\"height\":285,\"caption\":\"Le R.I.T.E\"},\"image\":{\"@id\":\"https:\/\/le-rite.fr\/#\/schema\/logo\/image\/\"}},{\"@type\":\"Person\",\"@id\":\"https:\/\/le-rite.fr\/#\/schema\/person\/c12b5ab957a665059d7822009ea0eb83\",\"name\":\"Armelle Bossi\u00e8re\",\"image\":{\"@type\":\"ImageObject\",\"inLanguage\":\"fr-FR\",\"@id\":\"https:\/\/le-rite.fr\/#\/schema\/person\/image\/\",\"url\":\"https:\/\/secure.gravatar.com\/avatar\/afe099e5f90a0494daa57aee20ce2fc20085615187cd00c9ef3865a556efe259?s=96&d=mm&r=g\",\"contentUrl\":\"https:\/\/secure.gravatar.com\/avatar\/afe099e5f90a0494daa57aee20ce2fc20085615187cd00c9ef3865a556efe259?s=96&d=mm&r=g\",\"caption\":\"Armelle Bossi\u00e8re\"},\"url\":\"https:\/\/le-rite.fr\/index.php\/author\/armelle\/\"}]}<\/script>\n<!-- \/ Yoast SEO plugin. -->","yoast_head_json":{"title":"Journ\u00e9e d'\u00e9tude \"L'atelier au c\u0153ur de la cr\u00e9ation th\u00e9\u00e2trale\" - Le R.I.T.E","robots":{"index":"index","follow":"follow","max-snippet":"max-snippet:-1","max-image-preview":"max-image-preview:large","max-video-preview":"max-video-preview:-1"},"canonical":"https:\/\/le-rite.fr\/index.php\/2025\/05\/09\/elementor-2569\/","og_locale":"fr_FR","og_type":"article","og_title":"Journ\u00e9e d'\u00e9tude \"L'atelier au c\u0153ur de la cr\u00e9ation th\u00e9\u00e2trale\" - Le R.I.T.E","og_description":"Journ\u00e9e d&rsquo;\u00e9tude 2025 \u00ab\u00a0l&rsquo;atelier au coeur de la cr\u00e9ation th\u00e9\u00e2trale\u00a0\u00bb le 2 juin 2025, 10h-17h\u00a0\u00ab\u00a0L&rsquo;atelier au coeur de la cr\u00e9ation th\u00e9\u00e2trale\u00a0\u00bbLieu : Th\u00e9\u00e2tre p\u00e9dagogiqueUniversit\u00e9 Sorbonne Nouvelle, 8 avenue de Saint-Mand\u00e9\u00a0\u00e0 r\u00e9\u00e9couter\u00a0\u00a0Table ronde 1 :\u00a0https:\/\/youtu.be\/4WjsidP6jTY\u00a0Table ronde 2 :\u00a0https:\/\/youtu.be\/41znrzXKMX8\u00a0Table ronde 3 :\u00a0https:\/\/youtu.be\/T8L0fiqreQ8\u00a0Table ronde 4 :\u00a0https:\/\/youtu.be\/2a4sxDewhFE\u00a0\u00a0Organis\u00e9e par Armelle Bossiere, Marco Consolini et les \u00e9tudiant.e.s de la L. Pro [&hellip;]","og_url":"https:\/\/le-rite.fr\/index.php\/2025\/05\/09\/elementor-2569\/","og_site_name":"Le R.I.T.E","article_published_time":"2025-05-09T05:39:00+00:00","article_modified_time":"2025-07-10T21:00:43+00:00","og_image":[{"width":842,"height":1191,"url":"https:\/\/le-rite.fr\/wp-content\/uploads\/2025\/05\/AfficheJourneeEtude2juin2025.jpg","type":"image\/jpeg"}],"author":"Armelle Bossi\u00e8re","twitter_card":"summary_large_image","twitter_misc":{"\u00c9crit par":"Armelle Bossi\u00e8re","Dur\u00e9e de lecture estim\u00e9e":"1 minute"},"schema":{"@context":"https:\/\/schema.org","@graph":[{"@type":"Article","@id":"https:\/\/le-rite.fr\/index.php\/2025\/05\/09\/elementor-2569\/#article","isPartOf":{"@id":"https:\/\/le-rite.fr\/index.php\/2025\/05\/09\/elementor-2569\/"},"author":{"name":"Armelle Bossi\u00e8re","@id":"https:\/\/le-rite.fr\/#\/schema\/person\/c12b5ab957a665059d7822009ea0eb83"},"headline":"Journ\u00e9e d&rsquo;\u00e9tude \u00ab\u00a0L&rsquo;atelier au c\u0153ur de la cr\u00e9ation th\u00e9\u00e2trale\u00a0\u00bb","datePublished":"2025-05-09T05:39:00+00:00","dateModified":"2025-07-10T21:00:43+00:00","mainEntityOfPage":{"@id":"https:\/\/le-rite.fr\/index.php\/2025\/05\/09\/elementor-2569\/"},"wordCount":140,"commentCount":0,"publisher":{"@id":"https:\/\/le-rite.fr\/#organization"},"image":{"@id":"https:\/\/le-rite.fr\/index.php\/2025\/05\/09\/elementor-2569\/#primaryimage"},"thumbnailUrl":"http:\/\/le-rite.fr\/wp-content\/uploads\/2025\/05\/AfficheJourneeEtude2juin2025-724x1024.jpg","articleSection":["actualit\u00e9s","Archive","licence pro","ressources"],"inLanguage":"fr-FR","potentialAction":[{"@type":"CommentAction","name":"Comment","target":["https:\/\/le-rite.fr\/index.php\/2025\/05\/09\/elementor-2569\/#respond"]}]},{"@type":"WebPage","@id":"https:\/\/le-rite.fr\/index.php\/2025\/05\/09\/elementor-2569\/","url":"https:\/\/le-rite.fr\/index.php\/2025\/05\/09\/elementor-2569\/","name":"Journ\u00e9e d'\u00e9tude \"L'atelier au c\u0153ur de la cr\u00e9ation th\u00e9\u00e2trale\" - Le R.I.T.E","isPartOf":{"@id":"https:\/\/le-rite.fr\/#website"},"primaryImageOfPage":{"@id":"https:\/\/le-rite.fr\/index.php\/2025\/05\/09\/elementor-2569\/#primaryimage"},"image":{"@id":"https:\/\/le-rite.fr\/index.php\/2025\/05\/09\/elementor-2569\/#primaryimage"},"thumbnailUrl":"http:\/\/le-rite.fr\/wp-content\/uploads\/2025\/05\/AfficheJourneeEtude2juin2025-724x1024.jpg","datePublished":"2025-05-09T05:39:00+00:00","dateModified":"2025-07-10T21:00:43+00:00","breadcrumb":{"@id":"https:\/\/le-rite.fr\/index.php\/2025\/05\/09\/elementor-2569\/#breadcrumb"},"inLanguage":"fr-FR","potentialAction":[{"@type":"ReadAction","target":["https:\/\/le-rite.fr\/index.php\/2025\/05\/09\/elementor-2569\/"]}]},{"@type":"ImageObject","inLanguage":"fr-FR","@id":"https:\/\/le-rite.fr\/index.php\/2025\/05\/09\/elementor-2569\/#primaryimage","url":"http:\/\/le-rite.fr\/wp-content\/uploads\/2025\/05\/AfficheJourneeEtude2juin2025-724x1024.jpg","contentUrl":"http:\/\/le-rite.fr\/wp-content\/uploads\/2025\/05\/AfficheJourneeEtude2juin2025-724x1024.jpg"},{"@type":"BreadcrumbList","@id":"https:\/\/le-rite.fr\/index.php\/2025\/05\/09\/elementor-2569\/#breadcrumb","itemListElement":[{"@type":"ListItem","position":1,"name":"Accueil","item":"https:\/\/le-rite.fr\/"},{"@type":"ListItem","position":2,"name":"Journ\u00e9e d&rsquo;\u00e9tude \u00ab\u00a0L&rsquo;atelier au c\u0153ur de la cr\u00e9ation th\u00e9\u00e2trale\u00a0\u00bb"}]},{"@type":"WebSite","@id":"https:\/\/le-rite.fr\/#website","url":"https:\/\/le-rite.fr\/","name":"Le R.I.T.E","description":"Le r\u00e9seau des intervenants en th\u00e9\u00e2tre \u00e9ducation","publisher":{"@id":"https:\/\/le-rite.fr\/#organization"},"potentialAction":[{"@type":"SearchAction","target":{"@type":"EntryPoint","urlTemplate":"https:\/\/le-rite.fr\/?s={search_term_string}"},"query-input":{"@type":"PropertyValueSpecification","valueRequired":true,"valueName":"search_term_string"}}],"inLanguage":"fr-FR"},{"@type":"Organization","@id":"https:\/\/le-rite.fr\/#organization","name":"Le R.I.T.E","url":"https:\/\/le-rite.fr\/","logo":{"@type":"ImageObject","inLanguage":"fr-FR","@id":"https:\/\/le-rite.fr\/#\/schema\/logo\/image\/","url":"https:\/\/le-rite.fr\/wp-content\/uploads\/2023\/10\/logo-le-rite-v2.png","contentUrl":"https:\/\/le-rite.fr\/wp-content\/uploads\/2023\/10\/logo-le-rite-v2.png","width":366,"height":285,"caption":"Le R.I.T.E"},"image":{"@id":"https:\/\/le-rite.fr\/#\/schema\/logo\/image\/"}},{"@type":"Person","@id":"https:\/\/le-rite.fr\/#\/schema\/person\/c12b5ab957a665059d7822009ea0eb83","name":"Armelle Bossi\u00e8re","image":{"@type":"ImageObject","inLanguage":"fr-FR","@id":"https:\/\/le-rite.fr\/#\/schema\/person\/image\/","url":"https:\/\/secure.gravatar.com\/avatar\/afe099e5f90a0494daa57aee20ce2fc20085615187cd00c9ef3865a556efe259?s=96&d=mm&r=g","contentUrl":"https:\/\/secure.gravatar.com\/avatar\/afe099e5f90a0494daa57aee20ce2fc20085615187cd00c9ef3865a556efe259?s=96&d=mm&r=g","caption":"Armelle Bossi\u00e8re"},"url":"https:\/\/le-rite.fr\/index.php\/author\/armelle\/"}]}},"_links":{"self":[{"href":"https:\/\/le-rite.fr\/index.php\/wp-json\/wp\/v2\/posts\/2569","targetHints":{"allow":["GET"]}}],"collection":[{"href":"https:\/\/le-rite.fr\/index.php\/wp-json\/wp\/v2\/posts"}],"about":[{"href":"https:\/\/le-rite.fr\/index.php\/wp-json\/wp\/v2\/types\/post"}],"author":[{"embeddable":true,"href":"https:\/\/le-rite.fr\/index.php\/wp-json\/wp\/v2\/users\/5"}],"replies":[{"embeddable":true,"href":"https:\/\/le-rite.fr\/index.php\/wp-json\/wp\/v2\/comments?post=2569"}],"version-history":[{"count":14,"href":"https:\/\/le-rite.fr\/index.php\/wp-json\/wp\/v2\/posts\/2569\/revisions"}],"predecessor-version":[{"id":2594,"href":"https:\/\/le-rite.fr\/index.php\/wp-json\/wp\/v2\/posts\/2569\/revisions\/2594"}],"wp:attachment":[{"href":"https:\/\/le-rite.fr\/index.php\/wp-json\/wp\/v2\/media?parent=2569"}],"wp:term":[{"taxonomy":"category","embeddable":true,"href":"https:\/\/le-rite.fr\/index.php\/wp-json\/wp\/v2\/categories?post=2569"},{"taxonomy":"post_tag","embeddable":true,"href":"https:\/\/le-rite.fr\/index.php\/wp-json\/wp\/v2\/tags?post=2569"}],"curies":[{"name":"wp","href":"https:\/\/api.w.org\/{rel}","templated":true}]}}